{"id":105,"date":"2024-08-30T18:21:22","date_gmt":"2024-08-30T18:21:22","guid":{"rendered":"https:\/\/intheparkmanagement.com\/?post_type=news&#038;p=105"},"modified":"2024-08-30T18:24:24","modified_gmt":"2024-08-30T18:24:24","slug":"ahora-representando-a-ambar-venegas","status":"publish","type":"news","link":"https:\/\/intheparkmanagement.com\/en\/news\/ahora-representando-a-ambar-venegas\/","title":{"rendered":"Ahora representando a Ambar Venegas"},"content":{"rendered":"","protected":false},"excerpt":{"rendered":"<p>Andi participa en la campa\u00f1a Global de Victoria Secret &#8220;M\u00e1s all\u00e1 del sujetador: Las modelos de Victoria&#8217;s Secret comparten historias de amor propio y empoderamiento&#8221;<\/p>\n","protected":false},"featured_media":101,"template":"","news_cat":[10],"class_list":["post-105","news","type-news","status-publish","has-post-thumbnail","hentry","news_cat-artists"],"_links":{"self":[{"href":"https:\/\/intheparkmanagement.com\/en\/wp-json\/wp\/v2\/news\/105","targetHints":{"allow":["GET"]}}],"collection":[{"href":"https:\/\/intheparkmanagement.com\/en\/wp-json\/wp\/v2\/news"}],"about":[{"href":"https:\/\/intheparkmanagement.com\/en\/wp-json\/wp\/v2\/types\/news"}],"wp:featuredmedia":[{"embeddable":true,"href":"https:\/\/intheparkmanagement.com\/en\/wp-json\/wp\/v2\/media\/101"}],"wp:attachment":[{"href":"https:\/\/intheparkmanagement.com\/en\/wp-json\/wp\/v2\/media?parent=105"}],"wp:term":[{"taxonomy":"news_cat","embeddable":true,"href":"https:\/\/intheparkmanagement.com\/en\/wp-json\/wp\/v2\/news_cat?post=105"}],"curies":[{"name":"wp","href":"https:\/\/api.w.org\/{rel}","templated":true}]}}